{"id":2081,"date":"2026-04-28T07:17:43","date_gmt":"2026-04-28T06:17:43","guid":{"rendered":"https:\/\/www.starinux.org\/?p=2081"},"modified":"2026-04-28T08:06:10","modified_gmt":"2026-04-28T07:06:10","slug":"la-france-choisit-la-souverainete-numerique-2","status":"publish","type":"post","link":"https:\/\/www.starinux.org\/?p=2081","title":{"rendered":"La France choisit la souverainet\u00e9 num\u00e9rique"},"content":{"rendered":"<p class=\"post-title entry-title\">L\u2019Etat Fran\u00e7ais vient <img loading=\"lazy\" decoding=\"async\" class=\"wp-image-2083 alignleft\" src=\"https:\/\/www.starinux.org\/wp-content\/uploads\/2026\/04\/Souverainete-numerique-300x300.png\" alt=\"\" width=\"152\" height=\"152\" srcset=\"https:\/\/www.starinux.org\/wp-content\/uploads\/2026\/04\/Souverainete-numerique-300x300.png 300w, https:\/\/www.starinux.org\/wp-content\/uploads\/2026\/04\/Souverainete-numerique-1024x1024.png 1024w, https:\/\/www.starinux.org\/wp-content\/uploads\/2026\/04\/Souverainete-numerique-150x150.png 150w, https:\/\/www.starinux.org\/wp-content\/uploads\/2026\/04\/Souverainete-numerique-768x768.png 768w, https:\/\/www.starinux.org\/wp-content\/uploads\/2026\/04\/Souverainete-numerique-943x943.png 943w, https:\/\/www.starinux.org\/wp-content\/uploads\/2026\/04\/Souverainete-numerique.png 1254w\" sizes=\"auto, (max-width: 152px) 100vw, 152px\" \/>de prendre une d\u00e9cision importante le 08 Avril 2026 <em style=\"font-size: 16px;\">(Cf (*) en bas de page)<\/em><strong style=\"font-size: 16px;\">\u00a0en annon\u00e7ant son choix de privil\u00e9gier les logiciels libres dans le futur pour ses administrations<\/strong><span style=\"font-size: 16px;\">, ce qui concerne environ\u00a0<\/span><strong style=\"font-size: 16px;\">deux millions de postes informatiques.<\/strong><\/p>\n<div class=\"entry-content clearfix\">\n<p><strong>Chez STARINUX nous ne pouvons que nous f\u00e9liciter de ce changement qui conforte les id\u00e9es que nous soutenons depuis la cr\u00e9ation de STARINUX en 2008.<\/strong><\/p>\n<p>Il est probable que le\u00a0<strong>succ\u00e8s de la migration des 112 000 postes de la Gendarmerie Nationale<\/strong>\u00a0vers un\u00a0<em><strong>LINUX<\/strong><\/em>\u00a0bas\u00e9 sur\u00a0<em><strong>UBUNTU<\/strong>\u00a0<\/em>a d\u00fb peser dans ce choix. La comparaison avec la Police Nationale qui est rest\u00e9e sous\u00a0<em>Windows<\/em>\u00a0est aussi tr\u00e8s \u00e9loquente.<\/p>\n<p>En octobre 2024 un administrateur syst\u00e8me nous avait expos\u00e9 la route suivie par la Gendarmerie pour effectuer cette\u00a0<strong>migration de 2009 \u00e0 2024.<\/strong><\/p>\n<p>Il risque d\u2019\u00eatre particuli\u00e8rement int\u00e9ressant de voir comment la France va g\u00e9rer cette op\u00e9ration : la migration se fera sans doute progressivement, avec des phases transitoires complexes \u00e0 g\u00e9rer et les probl\u00e8mes de compatibilit\u00e9 qui vont avec.<\/p>\n<p><strong>Restons positifs quant \u00e0 la capacit\u00e9 de l\u2019Etat \u00e0 mener \u00e0 bien une telle op\u00e9ration !<\/strong><br \/>\nNous pouvons nous souvenir qu\u2019<strong>il<\/strong>\u00a0<strong>a r\u00e9ussi le pr\u00e9l\u00e8vement \u00e0 la source des imp\u00f4ts et la d\u00e9claration d\u2019imp\u00f4ts en ligne<\/strong>\u00a0sans bugs majeurs.<\/p>\n<p style=\"text-align: center;\">*<br \/>\n*\u00a0 \u00a0 \u00a0 \u00a0 \u00a0 \u00a0 \u00a0 *<br \/>\n*<\/p>\n<p><strong>Une des autres difficult\u00e9s \u00e0 pr\u00e9voir serait bien s\u00fbr humaine :\u00a0<\/strong>\u00e0 savoir changer sans trop de douleur les habitudes des utilisateurs non informaticiens, habitu\u00e9s \u00e0\u00a0<em>WINDOWS<\/em>\u00a0sur leurs ordinateurs personnels ou professionnels depuis plus de 20 ans. Cela ne va pas \u00eatre facile. Il va aussi se poser la question de la\u00a0<strong>mont\u00e9e en comp\u00e9tence des administrateurs syst\u00e8mes et des consultants qui ne connaissent que\u00a0<em>Microsoft<\/em><\/strong><em>\u00a0<\/em>; nous pouvons nous attendre \u00e0 de la r\u00e9sistance\u2026<\/p>\n<p style=\"text-align: center;\">*<br \/>\n*\u00a0 \u00a0 \u00a0 \u00a0 \u00a0 \u00a0 \u00a0 *<br \/>\n*<\/p>\n<p>Pour m\u00e9moire,\u00a0<strong>le\u00a0Minist\u00e8re de la D\u00e9fense avait sign\u00e9 un accord cadre avec\u00a0<em>Microsoft<\/em>\u00a0en 2009,<\/strong>\u00a0obtenant des\u00a0tarifs avantageux\u00a0(100 \u20ac par poste) et des\u00a0rabais exceptionnels\u00a0(15 \u00e0 30 %) sur ses licences (<em>environ 50 000 postes, plus l\u2019abonnement aux milliers de services et prestations connexes<\/em>),<strong>\u00a0suscitant des inqui\u00e9tudes quant \u00e0 la\u00a0d\u00e9pendance technologique.<\/strong><\/p>\n<p>Pour autant,\u00a0<em><strong>SM Manche\u00a0<\/strong>(D\u00e9partement 50)<strong>\u00a0Num\u00e9rique\u00a0<\/strong><\/em>a lanc\u00e9 un\u00a0<strong>Appel d\u2019Offre March\u00e9 Public\u00a0<\/strong>(N\u00b013\/joue\/002632712026\u00a0<em>\u2013 Cf (**) en bas de page<\/em>)<strong>\u00a0le 17 avril 2026, pour\u00a0<em>\u00ab\u00a0Acquisition et renouvellement des droits de licences Microsoft, abonnements aux services en ligne de Microsoft et prestations associ\u00e9es pour ses besoins et ceux de sa Centrale d\u2019Achats\u00a0(*) \u00bb.<\/em><\/strong><em>\u00a0Description\u00a0:\u00a0<\/em><a href=\"https:\/\/www.francemarches.com\/fiches\/accord-cadre\" target=\"_blank\" rel=\"external noopener noreferrer\" data-wpel-link=\"external\"><em>Accord-cadre<\/em><\/a><em>\u00a0\u2013\u00a0<strong>Dur\u00e9e de 12 mois<\/strong>\u00a0renouvelable 2 fois pour une dur\u00e9e maximale de trois ans ; maximum de\u00a0<strong>30 000 000 euros HT.\u00a0<\/strong>Selon nos sources<strong>,\u00a0<\/strong><\/em>il s\u2019agirait en pratique de l\u2019<strong>achat de 60\u202f000 \u00e0 70 000 licences\u00a0<\/strong>(<em>chiffres non officiels)<\/em><strong><em>\u00a0Microsoft<\/em>\u00a0<\/strong><em>(Windows, Microsoft Office, Cloud\u2026)<\/em><strong>\u00a0pour le Minist\u00e8re des Arm\u00e9es,\u00a0<\/strong>dans le cadre de son programme de modernisation des outils informatiques (!).<\/p>\n<p style=\"text-align: center;\">*<br \/>\n*\u00a0 \u00a0 \u00a0 \u00a0 \u00a0 \u00a0 \u00a0 *<br \/>\n*<\/p>\n<p>En Allemagne,\u00a0<strong>M\u00fcnich avait fait une tentative de migrer sur le libre en 2004<\/strong>.\u00a0<strong>Ce changement a dur\u00e9 une d\u00e9cennie<\/strong>\u00a0avant que M\u00fcnich ne revienne \u00e0\u00a0<em>Windows<\/em>, en grande partie parce que le Maire voulait\u2026 que\u00a0<em>Microsoft<\/em>\u00a0installe son si\u00e8ge europ\u00e9en \u00e0 M\u00fcnich. Le Si\u00e8ge social de\u00a0<strong><em>Microsoft Europe (EMEA)\u00a0<\/em><\/strong>a \u00e9t\u00e9 cr\u00e9\u00e9 le\u00a0<strong>13 novembre 2009<\/strong>, il y a\u00a016 ans.\u00a0Il est situ\u00e9 \u00e0 Issy-les-Moulineaux (F- 92130), \u00e0 deux pas du Minist\u00e8re des Arm\u00e9es.<br \/>\n<strong>Cet \u00e9lan prometteur vers le Libre en 2004 a \u00e9t\u00e9 port\u00e9 par le Programme du\u00a0<em>Piraten Partei<\/em>, bas\u00e9 \u00e0 M\u00fcnich,<\/strong>\u00a0quelques ann\u00e9es plus tard, et avec lequel nous sommes en contact apolitique, uniquement pour la partie\u00a0<em>Open Source.<\/em>\u00a0Le\u00a0<em>Piraten Partei<\/em>\u00a0a initi\u00e9 en 2022 un nouveau Programme intitul\u00e9 CEPP 2024 \u2013\u00a0<em>Common European Pirate Programme 2024 (Cf. (***) en bas de page).<\/em><\/p>\n<p style=\"text-align: center;\">*<br \/>\n*\u00a0 \u00a0 \u00a0 \u00a0 \u00a0 \u00a0 \u00a0 *<br \/>\n*<\/p>\n<p><strong>En juin 2025, la Ministre danoise de la \u00ab\u00a0Digitalisation\u00a0\u00bb, Caroline Stage<\/strong>, a annonc\u00e9 une transition majeure du Gouvernement danois\u00a0<em>(Cf (****)) en bas de page<\/em>), qui\u00a0<strong>pr\u00e9voit de remplacer les logiciels\u00a0<em>Microsoft<\/em>,<\/strong>\u00a0notamment\u00a0<em>Windows<\/em>\u00a0et\u00a0<em>Microsoft Office<\/em>,\u00a0<strong>par des alternatives\u00a0<em>Open Source\u00a0Linux et LibreOffice.<\/em><\/strong><\/p>\n<p>En effet, Caroline Stage a confirm\u00e9 son intention de rendre le Danemark le\u00a0<strong>moins d\u00e9pendant des g\u00e9ants technologiques, y compris\u00a0<em>Microsoft<\/em>.<\/strong><\/p>\n<p style=\"text-align: center;\">*<br \/>\n*\u00a0 \u00a0 \u00a0 \u00a0 \u00a0 \u00a0 \u00a0 *<br \/>\n*<\/p>\n<h4>Affaire(s) \u00e0 suivre\u2026<\/h4>\n<p>&nbsp;<\/p>\n<p>D.MOREAU, Guillaume, pour STARINUX<\/p>\n<p><img loading=\"lazy\" decoding=\"async\" class=\"alignnone  wp-image-2091\" src=\"https:\/\/www.starinux.org\/wp-content\/uploads\/2026\/04\/Image-Libre-Souverain-300x200.png\" alt=\"\" width=\"284\" height=\"189\" srcset=\"https:\/\/www.starinux.org\/wp-content\/uploads\/2026\/04\/Image-Libre-Souverain-300x200.png 300w, https:\/\/www.starinux.org\/wp-content\/uploads\/2026\/04\/Image-Libre-Souverain-1024x683.png 1024w, https:\/\/www.starinux.org\/wp-content\/uploads\/2026\/04\/Image-Libre-Souverain-768x512.png 768w, https:\/\/www.starinux.org\/wp-content\/uploads\/2026\/04\/Image-Libre-Souverain-943x629.png 943w, https:\/\/www.starinux.org\/wp-content\/uploads\/2026\/04\/Image-Libre-Souverain.png 1536w\" sizes=\"auto, (max-width: 284px) 100vw, 284px\" \/><\/p>\n<p>___________________________________________________________<\/p>\n<p><strong>(*) Le texte du communiqu\u00e9 OFFICIEL du 08 avril 2026 :<\/strong><\/p>\n<p><a href=\"https:\/\/www.numerique.gouv.fr\/sinformer\/espace-presse\/souverainete-numerique-reduction-dependances-extra-europeennes\/\" target=\"_blank\" rel=\"external noopener noreferrer\" data-wpel-link=\"external\">https:\/\/www.numerique.gouv.fr\/sinformer\/espace-presse\/souverainete-numerique-reduction-dependances-extra-europeennes\/<\/a><\/p>\n<p>A l\u2019initiative du Premier Ministre, du Ministre de l\u2019Action et des Comptes publics, et de la Ministre d\u00e9l\u00e9gu\u00e9e charg\u00e9e de l\u2019Intelligence Artificielle et du Num\u00e9rique, la Direction Interminist\u00e9rielle du Num\u00e9rique (DINUM) a organis\u00e9 le mercredi 8 avril 2026, avec la Direction G\u00e9n\u00e9rale des Entreprises (DGE), l\u2019Agence Nationale de la S\u00e9curit\u00e9 des Syst\u00e8mes d\u2019Information (ANSSI) et la Direction des Achats de l\u2019Etat (DAE), un s\u00e9minaire interminist\u00e9riel visant \u00e0 renforcer la dynamique collective de r\u00e9duction des d\u00e9pendances num\u00e9riques extra-europ\u00e9ennes. R\u00e9unissant ministres, administrations, op\u00e9rateurs publics et acteurs priv\u00e9s, cet \u00e9v\u00e9nement marque une acc\u00e9l\u00e9ration de la strat\u00e9gie fran\u00e7aise et europ\u00e9enne en faveur de la souverainet\u00e9 num\u00e9rique.<\/p>\n<h3>Un engagement renforc\u00e9 de l\u2019Etat<\/h3>\n<p>Dans la continuit\u00e9 des directives r\u00e9centes communiqu\u00e9es par le Premier Ministre, notamment les circulaires relatives \u00e0 la commande publique num\u00e9rique ainsi qu\u2019\u00e0 la g\u00e9n\u00e9ralisation de l\u2019outil de visioconf\u00e9rence \u00ab\u00a0<em>Visio<\/em>\u00a0\u00bb,\u00a0<strong>le s\u00e9minaire a permis de fixer un objectif clair : r\u00e9duire les d\u00e9pendances num\u00e9riques extra-europ\u00e9ennes de l\u2019Etat.<\/strong><\/p>\n<p>Plusieurs premi\u00e8res \u00e9tapes concr\u00e8tes illustrent d\u2019ores et d\u00e9j\u00e0 cette ambition :<\/p>\n<ul>\n<li>S\u2019agissant de l\u2019\u00e9volution du poste de travail, la DINUM annonce\u00a0<strong>sa sortie de Windows au profit de postes sous syst\u00e8me d\u2019exploitation Linux.<\/strong><\/li>\n<li>S\u2019agissant de la migration vers des solutions souveraines, la Caisse Nationale d\u2019Assurance Maladie a annonc\u00e9 il y a quelques jours\u00a0<strong>la migration de ses 80 000 agents<\/strong>\u00a0vers des outils du Socle Interminist\u00e9riel des Logiciels Libres [SILL]\u00a0:\u00a0<em>Tchap<\/em>,\u00a0<em>Visio<\/em>\u00a0et\u00a0<em>FranceTransfert<\/em>\u00a0(pour le transfert de documents).<\/li>\n<li>Le mois dernier, le Gouvernement annon\u00e7ait la migration de la plateforme des donn\u00e9es de sant\u00e9 vers une solution de confiance\u00a0<strong>d\u2019ici \u00e0 fin 2026<\/strong>.<\/li>\n<\/ul>\n<h3>Une dynamique collective et europ\u00e9enne<\/h3>\n<p>Le s\u00e9minaire a permis de lancer une nouvelle m\u00e9thode pour sortir des d\u00e9pendances en formant des coalitions in\u00e9dites associant minist\u00e8res, grands op\u00e9rateurs publics et acteurs priv\u00e9s. Cette d\u00e9marche vise \u00e0\u00a0<strong>f\u00e9d\u00e9rer les \u00e9nergies publiques et priv\u00e9es<\/strong>\u00a0autour de projets pr\u00e9cis, en s\u2019appuyant notamment sur les communs num\u00e9riques et les standards d\u2019interop\u00e9rabilit\u00e9 (initiatives\u00a0<em>Open-Interop, OpenBuro<\/em>).<\/p>\n<p>___________________________________________________________<\/p>\n<p><em><strong>(**) Appel d\u2019Offre SM MANCHE MARITIME \u2013 Achat de licences Microsoft<\/strong><\/em><br \/>\n<a href=\"https:\/\/www.francemarches.com\/appel-offre\/13joue002632712026-2026-acquisition-renouvellement-droits\" target=\"_blank\" rel=\"external noopener noreferrer\" data-wpel-link=\"external\">https:\/\/www.francemarches.com\/appel-offre\/13joue002632712026-2026-acquisition-renouvellement-droits<br \/>\n___________________________________________________________<\/a><\/p>\n<p><em><strong>(***) Programme Piraten Partei (DE) pour l\u2019Open Source<\/strong><\/em><br \/>\n<em>\u00ab\u00a0The<strong>\u00a0free software<\/strong>\u00a0part of the current program is as follows:\u00a0<strong>Pirates support the promotion of software<\/strong>\u00a0that can be used, analyzed, disseminated and modified by anyone.\u00a0<strong>Free\/Libre Open Source Software is essential<\/strong>\u00a0for user\u2019s control of their own technical systems and provides a significant contribution to strengthening the autonomy and privacy of all users.\u00a0\u00bb<\/em><br \/>\n<a href=\"https:\/\/discourse.european-pirateparty.eu\/t\/current-text-of-the-program-and-suggestions\/176\" target=\"_blank\" rel=\"external noopener noreferrer\" data-wpel-link=\"external\">https:\/\/discourse.european-pirateparty.eu\/t\/current-text-of-the-program-and-suggestions\/176<\/a><br \/>\n___________________________________________________________<\/p>\n<p><em><strong>(****)\u00a0<\/strong><\/em><a href=\"https:\/\/www.linuxtricks.fr\/news\/10-logiciels-libres\/570-souverainete-numerique-le-danemark-passe-a-linux-et-libreoffice\/\" target=\"_blank\" rel=\"external noopener noreferrer\" data-wpel-link=\"external\">https:\/\/www.linuxtricks.fr\/news\/10-logiciels-libres\/570-souverainete-numerique-le-danemark-passe-a-linux-et-libreoffice\/<\/a><\/p>\n<p><img loading=\"lazy\" decoding=\"async\" class=\"wp-image-2084 aligncenter\" src=\"https:\/\/www.starinux.org\/wp-content\/uploads\/2026\/04\/Starinux-pingouin-La-France-choisit-la-souverainete-numerique-avec-linux-01-300x300.png\" alt=\"\" width=\"288\" height=\"288\" srcset=\"https:\/\/www.starinux.org\/wp-content\/uploads\/2026\/04\/Starinux-pingouin-La-France-choisit-la-souverainete-numerique-avec-linux-01-300x300.png 300w, https:\/\/www.starinux.org\/wp-content\/uploads\/2026\/04\/Starinux-pingouin-La-France-choisit-la-souverainete-numerique-avec-linux-01-150x150.png 150w, https:\/\/www.starinux.org\/wp-content\/uploads\/2026\/04\/Starinux-pingouin-La-France-choisit-la-souverainete-numerique-avec-linux-01-768x768.png 768w, https:\/\/www.starinux.org\/wp-content\/uploads\/2026\/04\/Starinux-pingouin-La-France-choisit-la-souverainete-numerique-avec-linux-01-943x943.png 943w, https:\/\/www.starinux.org\/wp-content\/uploads\/2026\/04\/Starinux-pingouin-La-France-choisit-la-souverainete-numerique-avec-linux-01.png 1024w\" sizes=\"auto, (max-width: 288px) 100vw, 288px\" \/><\/p>\n<\/div>\n","protected":false},"excerpt":{"rendered":"<p>L\u2019Etat Fran\u00e7ais vient de prendre une d\u00e9cision importante le 08 Avril 2026 (Cf (*) en bas de page)\u00a0en annon\u00e7ant son choix de privil\u00e9gier les logiciels libres dans le futur pour ses administrations, ce qui concerne environ\u00a0deux millions de postes informatiques. Chez STARINUX nous ne pouvons que nous f\u00e9liciter de ce changement qui conforte les id\u00e9es &hellip; <\/p>\n<p><a class=\"more-link btn\" href=\"https:\/\/www.starinux.org\/?p=2081\">Lire la suite<\/a><\/p>\n","protected":false},"author":54,"featured_media":0,"comment_status":"open","ping_status":"open","sticky":false,"template":"","format":"standard","meta":{"_acf_changed":false,"_bbp_topic_count":0,"_bbp_reply_count":0,"_bbp_total_topic_count":0,"_bbp_total_reply_count":0,"_bbp_voice_count":0,"_bbp_anonymous_reply_count":0,"_bbp_topic_count_hidden":0,"_bbp_reply_count_hidden":0,"_bbp_forum_subforum_count":0,"_crdt_document":"","_piecal_is_event":false,"_piecal_start_date":"","_piecal_end_date":"","_piecal_is_allday":false,"footnotes":""},"categories":[3],"tags":[],"class_list":["post-2081","post","type-post","status-publish","format-standard","hentry","category-ateliers-a-venir","item-wrap"],"acf":[],"publishpress_future_action":{"enabled":false,"date":"2026-05-06 13:14:35","action":"change-status","newStatus":"draft","terms":[],"taxonomy":"category","extraData":[]},"publishpress_future_workflow_manual_trigger":{"enabledWorkflows":[]},"_links":{"self":[{"href":"https:\/\/www.starinux.org\/index.php?rest_route=\/wp\/v2\/posts\/2081","targetHints":{"allow":["GET"]}}],"collection":[{"href":"https:\/\/www.starinux.org\/index.php?rest_route=\/wp\/v2\/posts"}],"about":[{"href":"https:\/\/www.starinux.org\/index.php?rest_route=\/wp\/v2\/types\/post"}],"author":[{"embeddable":true,"href":"https:\/\/www.starinux.org\/index.php?rest_route=\/wp\/v2\/users\/54"}],"replies":[{"embeddable":true,"href":"https:\/\/www.starinux.org\/index.php?rest_route=%2Fwp%2Fv2%2Fcomments&post=2081"}],"version-history":[{"count":6,"href":"https:\/\/www.starinux.org\/index.php?rest_route=\/wp\/v2\/posts\/2081\/revisions"}],"predecessor-version":[{"id":2092,"href":"https:\/\/www.starinux.org\/index.php?rest_route=\/wp\/v2\/posts\/2081\/revisions\/2092"}],"wp:attachment":[{"href":"https:\/\/www.starinux.org\/index.php?rest_route=%2Fwp%2Fv2%2Fmedia&parent=2081"}],"wp:term":[{"taxonomy":"category","embeddable":true,"href":"https:\/\/www.starinux.org\/index.php?rest_route=%2Fwp%2Fv2%2Fcategories&post=2081"},{"taxonomy":"post_tag","embeddable":true,"href":"https:\/\/www.starinux.org\/index.php?rest_route=%2Fwp%2Fv2%2Ftags&post=2081"}],"curies":[{"name":"wp","href":"https:\/\/api.w.org\/{rel}","templated":true}]}}